{"id":5560,"date":"2016-06-15T11:16:25","date_gmt":"2016-06-15T11:16:25","guid":{"rendered":"http:\/\/elultimotangle.es\/?p=5560"},"modified":"2018-06-11T20:45:31","modified_gmt":"2018-06-11T20:45:31","slug":"aprende-zentangle-en-julio","status":"publish","type":"post","link":"https:\/\/elultimotangle.es\/en\/aprende-zentangle-en-julio\/","title":{"rendered":"Aprende Zentangle en julio"},"content":{"rendered":"<p>Este verano recomendamos practicar yoga mental para vuestro beneficio general, mente y cuerpo, as\u00ed que, te animo: aprende Zentangle en julio.<\/p>\n<p><a href=\"https:\/\/elultimotangle.es\/wp-content\/uploads\/2016\/06\/zendalas-color.jpg\"><img fetchpriority=\"high\" decoding=\"async\" class=\"aligncenter wp-image-5564\" title=\"Aprende Zentangle en julio.\" src=\"https:\/\/elultimotangle.es\/wp-content\/uploads\/2016\/06\/zendalas-color-300x300.jpg\" alt=\"Aprende Zentangle en julio.\" width=\"323\" height=\"323\" srcset=\"https:\/\/elultimotangle.es\/wp-content\/uploads\/2016\/06\/zendalas-color-300x300.jpg 300w, https:\/\/elultimotangle.es\/wp-content\/uploads\/2016\/06\/zendalas-color-100x100.jpg 100w, https:\/\/elultimotangle.es\/wp-content\/uploads\/2016\/06\/zendalas-color-600x600.jpg 600w, https:\/\/elultimotangle.es\/wp-content\/uploads\/2016\/06\/zendalas-color-150x150.jpg 150w, https:\/\/elultimotangle.es\/wp-content\/uploads\/2016\/06\/zendalas-color-66x66.jpg 66w, https:\/\/elultimotangle.es\/wp-content\/uploads\/2016\/06\/zendalas-color.jpg 843w\" sizes=\"(max-width: 323px) 100vw, 323px\" \/><\/a><\/p>\n<p>&nbsp;<\/p>\n<p>&nbsp;<\/p>\n<p>&nbsp;<\/p>\n<p>Hemos preparado un taller intensivo, de una semana de duraci\u00f3n, en turno de ma\u00f1a\u00f1a o de tarde.<\/p>\n<p>Si no sabes nada todav\u00eda, no has hecho iniciaci\u00f3n, empezaremos desde cero.<\/p>\n<p>&nbsp;<\/p>\n<p><a href=\"https:\/\/elultimotangle.es\/wp-content\/uploads\/2015\/12\/taller-calero.jpg\"><img decoding=\"async\" class=\"aligncenter wp-image-5461 size-medium\" title=\"Aprende Zentangle en julio\" src=\"https:\/\/elultimotangle.es\/wp-content\/uploads\/2015\/12\/taller-calero-300x225.jpg\" alt=\"Aprende Zentangle en julio\" width=\"300\" height=\"225\" srcset=\"https:\/\/elultimotangle.es\/wp-content\/uploads\/2015\/12\/taller-calero-300x225.jpg 300w, https:\/\/elultimotangle.es\/wp-content\/uploads\/2015\/12\/taller-calero-600x450.jpg 600w, https:\/\/elultimotangle.es\/wp-content\/uploads\/2015\/12\/taller-calero.jpg 960w\" sizes=\"(max-width: 300px) 100vw, 300px\" \/><\/a><\/p>\n<p>Y para los que ya hab\u00e9is hecho iniciaci\u00f3n, iremos un paso m\u00e1s all\u00e1: os iniciaremos en tesela negra, \u00a0(la magia de la luz sobre papel negro), tesela Renaissance, (la belleza del papel tostado con trazos en 3 colores), \u00a0zendalas, (concentraci\u00f3n a trav\u00e9s del dibujo sim\u00e9trico&#8230;)<\/p>\n<figure id=\"attachment_5421\" aria-describedby=\"caption-attachment-5421\" style=\"width: 300px\" class=\"wp-caption aligncenter\"><a href=\"https:\/\/elultimotangle.es\/wp-content\/uploads\/2015\/09\/IMG_66801.jpg\"><img decoding=\"async\" class=\"wp-image-5421 size-medium\" title=\"Aprende Zentangle en julio\" src=\"https:\/\/elultimotangle.es\/wp-content\/uploads\/2015\/09\/IMG_66801-300x300.jpg\" alt=\"Aprende Zentangle en julio\" width=\"300\" height=\"300\" srcset=\"https:\/\/elultimotangle.es\/wp-content\/uploads\/2015\/09\/IMG_66801-300x300.jpg 300w, https:\/\/elultimotangle.es\/wp-content\/uploads\/2015\/09\/IMG_66801-100x100.jpg 100w, https:\/\/elultimotangle.es\/wp-content\/uploads\/2015\/09\/IMG_66801-600x600.jpg 600w, https:\/\/elultimotangle.es\/wp-content\/uploads\/2015\/09\/IMG_66801-150x150.jpg 150w, https:\/\/elultimotangle.es\/wp-content\/uploads\/2015\/09\/IMG_66801-1024x1024.jpg 1024w, https:\/\/elultimotangle.es\/wp-content\/uploads\/2015\/09\/IMG_66801-66x66.jpg 66w\" sizes=\"(max-width: 300px) 100vw, 300px\" \/><\/a><figcaption id=\"caption-attachment-5421\" class=\"wp-caption-text\">Zendala<\/figcaption><\/figure>\n<figure id=\"attachment_5542\" aria-describedby=\"caption-attachment-5542\" style=\"width: 300px\" class=\"wp-caption aligncenter\"><a href=\"https:\/\/elultimotangle.es\/wp-content\/uploads\/2014\/01\/Molygon-in-renaissacen-tile.jpg\"><img loading=\"lazy\" decoding=\"async\" class=\"wp-image-5542 size-medium\" title=\"Aprende Zentangle en julio\" src=\"https:\/\/elultimotangle.es\/wp-content\/uploads\/2014\/01\/Molygon-in-renaissacen-tile-300x225.jpg\" alt=\"Aprende Zentangle en julio\" width=\"300\" height=\"225\" srcset=\"https:\/\/elultimotangle.es\/wp-content\/uploads\/2014\/01\/Molygon-in-renaissacen-tile-300x225.jpg 300w, https:\/\/elultimotangle.es\/wp-content\/uploads\/2014\/01\/Molygon-in-renaissacen-tile-600x450.jpg 600w, https:\/\/elultimotangle.es\/wp-content\/uploads\/2014\/01\/Molygon-in-renaissacen-tile.jpg 800w\" sizes=\"(max-width: 300px) 100vw, 300px\" \/><\/a><figcaption id=\"caption-attachment-5542\" class=\"wp-caption-text\">Tangle Molygon en tesela renaissance<\/figcaption><\/figure>\n<p>&nbsp;<\/p>\n<p>&nbsp;<\/p>\n<p>NOTA IMPORTANTE: No incluye Materiales , se podr\u00e1n adquirir en el taller.<\/p>\n<p><a href=\"https:\/\/elultimotangle.es\/wp-content\/uploads\/2015\/06\/Mooka-Torrej\u00f3n.jpg\"><img loading=\"lazy\" decoding=\"async\" class=\"aligncenter wp-image-5400 size-medium\" title=\"Aprende Zentangle en julio\" src=\"https:\/\/elultimotangle.es\/wp-content\/uploads\/2015\/06\/Mooka-Torrej\u00f3n-300x225.jpg\" alt=\"Aprende Zentangle en julio\" width=\"300\" height=\"225\" srcset=\"https:\/\/elultimotangle.es\/wp-content\/uploads\/2015\/06\/Mooka-Torrej\u00f3n-300x225.jpg 300w, https:\/\/elultimotangle.es\/wp-content\/uploads\/2015\/06\/Mooka-Torrej\u00f3n-600x451.jpg 600w, https:\/\/elultimotangle.es\/wp-content\/uploads\/2015\/06\/Mooka-Torrej\u00f3n.jpg 852w\" sizes=\"(max-width: 300px) 100vw, 300px\" \/><\/a><\/p>\n<p>&nbsp;<\/p>\n<p>&nbsp;<\/p>\n<p>Os esperamos a todos, para ir avanzando en este fant\u00e1stico camino de arte y meditaci\u00f3n.<\/p>\n<p>Como siempre digo, tu cerebro te lo agradecer\u00e1.<\/p>\n<p>A los que no veng\u00e1is en julio, os deseo un feliz verano. Disfrutad, aprended, descasad, y a la vuelta&#8230;Zentangle.<\/p>\n<p>\u00a1Hasta pronto, tanglers!<\/p>","protected":false},"excerpt":{"rendered":"<p>Este verano recomendamos practicar yoga mental para vuestro beneficio general, mente y cuerpo, as\u00ed que, te animo: aprende Zentangle en julio. &nbsp; &nbsp; &nbsp; Hemos preparado un taller intensivo, de una semana de duraci\u00f3n, en turno de ma\u00f1a\u00f1a o de tarde. Si no sabes nada todav\u00eda, no has hecho iniciaci\u00f3n, empezaremos desde cero. &nbsp; Y &hellip;<\/p>\n<p class=\"read-more\"> <a class=\"\" href=\"https:\/\/elultimotangle.es\/en\/aprende-zentangle-en-julio\/\"> <span class=\"screen-reader-text\">Aprende Zentangle en julio<\/span> Read More &raquo;<\/a><\/p>","protected":false},"author":2,"featured_media":0,"comment_status":"open","ping_status":"open","sticky":false,"template":"","format":"standard","meta":{"_acf_changed":false,"_monsterinsights_skip_tracking":false,"_monsterinsights_sitenote_active":false,"_monsterinsights_sitenote_note":"","_monsterinsights_sitenote_category":0,"footnotes":""},"categories":[1],"tags":[],"class_list":["post-5560","post","type-post","status-publish","format-standard","hentry","category-general"],"acf":[],"yoast_head":"<!-- This site is optimized with the Yoast SEO plugin v24.8.1 - https:\/\/yoast.com\/wordpress\/plugins\/seo\/ -->\n<title>Aprende Zentangle en julio - El \u00faltimo tangle<\/title>\n<meta name=\"description\" content=\"Este verano recomendamos practicar yoga mental para vuestro beneficio general, mente y cuerpo, as\u00ed que, te animo: aprende Zentangle en julio. Te esperamos!!\" \/>\n<meta name=\"robots\" content=\"index, follow, max-snippet:-1, max-image-preview:large, max-video-preview:-1\" \/>\n<link rel=\"canonical\" href=\"https:\/\/elultimotangle.es\/en\/aprende-zentangle-en-julio\/\" \/>\n<meta property=\"og:locale\" content=\"en_US\" \/>\n<meta property=\"og:type\" content=\"article\" \/>\n<meta property=\"og:title\" content=\"Aprende Zentangle en julio - El \u00faltimo tangle\" \/>\n<meta property=\"og:description\" content=\"Este verano recomendamos practicar yoga mental para vuestro beneficio general, mente y cuerpo, as\u00ed que, te animo: aprende Zentangle en julio. Te esperamos!!\" \/>\n<meta property=\"og:url\" content=\"https:\/\/elultimotangle.es\/en\/aprende-zentangle-en-julio\/\" \/>\n<meta property=\"og:site_name\" content=\"El \u00faltimo tangle\" \/>\n<meta property=\"article:published_time\" content=\"2016-06-15T11:16:25+00:00\" \/>\n<meta property=\"article:modified_time\" content=\"2018-06-11T20:45:31+00:00\" \/>\n<meta property=\"og:image\" content=\"https:\/\/elultimotangle.es\/wp-content\/uploads\/2016\/06\/zendalas-color-300x300.jpg\" \/>\n<meta name=\"author\" content=\"Mar\u00eda P\u00e9rez-Tovar\" \/>\n<meta name=\"twitter:label1\" content=\"Written by\" \/>\n\t<meta name=\"twitter:data1\" content=\"Mar\u00eda P\u00e9rez-Tovar\" \/>\n\t<meta name=\"twitter:label2\" content=\"Est. reading time\" \/>\n\t<meta name=\"twitter:data2\" content=\"1 minute\" \/>\n<script type=\"application\/ld+json\" class=\"yoast-schema-graph\">{\"@context\":\"https:\/\/schema.org\",\"@graph\":[{\"@type\":\"Article\",\"@id\":\"https:\/\/elultimotangle.es\/en\/aprende-zentangle-en-julio\/#article\",\"isPartOf\":{\"@id\":\"https:\/\/elultimotangle.es\/en\/aprende-zentangle-en-julio\/\"},\"author\":{\"name\":\"Mar\u00eda P\u00e9rez-Tovar\",\"@id\":\"http:\/\/elultimotangle.es\/en\/#\/schema\/person\/05ab64cdfa70f84b8c359dc224f8aac5\"},\"headline\":\"Aprende Zentangle en julio\",\"datePublished\":\"2016-06-15T11:16:25+00:00\",\"dateModified\":\"2018-06-11T20:45:31+00:00\",\"mainEntityOfPage\":{\"@id\":\"https:\/\/elultimotangle.es\/en\/aprende-zentangle-en-julio\/\"},\"wordCount\":198,\"commentCount\":0,\"publisher\":{\"@id\":\"http:\/\/elultimotangle.es\/en\/#organization\"},\"image\":{\"@id\":\"https:\/\/elultimotangle.es\/en\/aprende-zentangle-en-julio\/#primaryimage\"},\"thumbnailUrl\":\"https:\/\/elultimotangle.es\/wp-content\/uploads\/2016\/06\/zendalas-color-300x300.jpg\",\"articleSection\":[\"General\"],\"inLanguage\":\"en-US\",\"potentialAction\":[{\"@type\":\"CommentAction\",\"name\":\"Comment\",\"target\":[\"https:\/\/elultimotangle.es\/en\/aprende-zentangle-en-julio\/#respond\"]}]},{\"@type\":\"WebPage\",\"@id\":\"https:\/\/elultimotangle.es\/en\/aprende-zentangle-en-julio\/\",\"url\":\"https:\/\/elultimotangle.es\/en\/aprende-zentangle-en-julio\/\",\"name\":\"Aprende Zentangle en julio - El \u00faltimo tangle\",\"isPartOf\":{\"@id\":\"http:\/\/elultimotangle.es\/en\/#website\"},\"primaryImageOfPage\":{\"@id\":\"https:\/\/elultimotangle.es\/en\/aprende-zentangle-en-julio\/#primaryimage\"},\"image\":{\"@id\":\"https:\/\/elultimotangle.es\/en\/aprende-zentangle-en-julio\/#primaryimage\"},\"thumbnailUrl\":\"https:\/\/elultimotangle.es\/wp-content\/uploads\/2016\/06\/zendalas-color-300x300.jpg\",\"datePublished\":\"2016-06-15T11:16:25+00:00\",\"dateModified\":\"2018-06-11T20:45:31+00:00\",\"description\":\"Este verano recomendamos practicar yoga mental para vuestro beneficio general, mente y cuerpo, as\u00ed que, te animo: aprende Zentangle en julio. Te esperamos!!\",\"breadcrumb\":{\"@id\":\"https:\/\/elultimotangle.es\/en\/aprende-zentangle-en-julio\/#breadcrumb\"},\"inLanguage\":\"en-US\",\"potentialAction\":[{\"@type\":\"ReadAction\",\"target\":[\"https:\/\/elultimotangle.es\/en\/aprende-zentangle-en-julio\/\"]}]},{\"@type\":\"ImageObject\",\"inLanguage\":\"en-US\",\"@id\":\"https:\/\/elultimotangle.es\/en\/aprende-zentangle-en-julio\/#primaryimage\",\"url\":\"https:\/\/elultimotangle.es\/wp-content\/uploads\/2016\/06\/zendalas-color-300x300.jpg\",\"contentUrl\":\"https:\/\/elultimotangle.es\/wp-content\/uploads\/2016\/06\/zendalas-color-300x300.jpg\"},{\"@type\":\"BreadcrumbList\",\"@id\":\"https:\/\/elultimotangle.es\/en\/aprende-zentangle-en-julio\/#breadcrumb\",\"itemListElement\":[{\"@type\":\"ListItem\",\"position\":1,\"name\":\"Portada\",\"item\":\"https:\/\/elultimotangle.es\/\"},{\"@type\":\"ListItem\",\"position\":2,\"name\":\"Aprende Zentangle en julio\"}]},{\"@type\":\"WebSite\",\"@id\":\"http:\/\/elultimotangle.es\/en\/#website\",\"url\":\"http:\/\/elultimotangle.es\/en\/\",\"name\":\"El \u00faltimo tangle\",\"description\":\"Zentangle en espa\u00f1ol\",\"publisher\":{\"@id\":\"http:\/\/elultimotangle.es\/en\/#organization\"},\"potentialAction\":[{\"@type\":\"SearchAction\",\"target\":{\"@type\":\"EntryPoint\",\"urlTemplate\":\"http:\/\/elultimotangle.es\/en\/?s={search_term_string}\"},\"query-input\":{\"@type\":\"PropertyValueSpecification\",\"valueRequired\":true,\"valueName\":\"search_term_string\"}}],\"inLanguage\":\"en-US\"},{\"@type\":\"Organization\",\"@id\":\"http:\/\/elultimotangle.es\/en\/#organization\",\"name\":\"El \u00faltimo tangle\",\"url\":\"http:\/\/elultimotangle.es\/en\/\",\"logo\":{\"@type\":\"ImageObject\",\"inLanguage\":\"en-US\",\"@id\":\"http:\/\/elultimotangle.es\/en\/#\/schema\/logo\/image\/\",\"url\":\"https:\/\/elultimotangle.es\/wp-content\/uploads\/2019\/09\/cropped-LOGO-ZETA-ROJO-CUADRADO-alt.jpg\",\"contentUrl\":\"https:\/\/elultimotangle.es\/wp-content\/uploads\/2019\/09\/cropped-LOGO-ZETA-ROJO-CUADRADO-alt.jpg\",\"width\":576,\"height\":576,\"caption\":\"El \u00faltimo tangle\"},\"image\":{\"@id\":\"http:\/\/elultimotangle.es\/en\/#\/schema\/logo\/image\/\"}},{\"@type\":\"Person\",\"@id\":\"http:\/\/elultimotangle.es\/en\/#\/schema\/person\/05ab64cdfa70f84b8c359dc224f8aac5\",\"name\":\"Mar\u00eda P\u00e9rez-Tovar\",\"image\":{\"@type\":\"ImageObject\",\"inLanguage\":\"en-US\",\"@id\":\"http:\/\/elultimotangle.es\/en\/#\/schema\/person\/image\/\",\"url\":\"https:\/\/secure.gravatar.com\/avatar\/31fa6f800b77a1b9122d3dd42417ff3b93669431ae9752da648019f93be291ca?s=96&d=monsterid&r=g\",\"contentUrl\":\"https:\/\/secure.gravatar.com\/avatar\/31fa6f800b77a1b9122d3dd42417ff3b93669431ae9752da648019f93be291ca?s=96&d=monsterid&r=g\",\"caption\":\"Mar\u00eda P\u00e9rez-Tovar\"},\"url\":\"https:\/\/elultimotangle.es\/en\/author\/maria\/\"}]}<\/script>\n<!-- \/ Yoast SEO plugin. -->","yoast_head_json":{"title":"Aprende Zentangle en julio - El \u00faltimo tangle","description":"Este verano recomendamos practicar yoga mental para vuestro beneficio general, mente y cuerpo, as\u00ed que, te animo: aprende Zentangle en julio. Te esperamos!!","robots":{"index":"index","follow":"follow","max-snippet":"max-snippet:-1","max-image-preview":"max-image-preview:large","max-video-preview":"max-video-preview:-1"},"canonical":"https:\/\/elultimotangle.es\/en\/aprende-zentangle-en-julio\/","og_locale":"en_US","og_type":"article","og_title":"Aprende Zentangle en julio - El \u00faltimo tangle","og_description":"Este verano recomendamos practicar yoga mental para vuestro beneficio general, mente y cuerpo, as\u00ed que, te animo: aprende Zentangle en julio. Te esperamos!!","og_url":"https:\/\/elultimotangle.es\/en\/aprende-zentangle-en-julio\/","og_site_name":"El \u00faltimo tangle","article_published_time":"2016-06-15T11:16:25+00:00","article_modified_time":"2018-06-11T20:45:31+00:00","og_image":[{"url":"https:\/\/elultimotangle.es\/wp-content\/uploads\/2016\/06\/zendalas-color-300x300.jpg","type":"","width":"","height":""}],"author":"Mar\u00eda P\u00e9rez-Tovar","twitter_misc":{"Written by":"Mar\u00eda P\u00e9rez-Tovar","Est. reading time":"1 minute"},"schema":{"@context":"https:\/\/schema.org","@graph":[{"@type":"Article","@id":"https:\/\/elultimotangle.es\/en\/aprende-zentangle-en-julio\/#article","isPartOf":{"@id":"https:\/\/elultimotangle.es\/en\/aprende-zentangle-en-julio\/"},"author":{"name":"Mar\u00eda P\u00e9rez-Tovar","@id":"http:\/\/elultimotangle.es\/en\/#\/schema\/person\/05ab64cdfa70f84b8c359dc224f8aac5"},"headline":"Aprende Zentangle en julio","datePublished":"2016-06-15T11:16:25+00:00","dateModified":"2018-06-11T20:45:31+00:00","mainEntityOfPage":{"@id":"https:\/\/elultimotangle.es\/en\/aprende-zentangle-en-julio\/"},"wordCount":198,"commentCount":0,"publisher":{"@id":"http:\/\/elultimotangle.es\/en\/#organization"},"image":{"@id":"https:\/\/elultimotangle.es\/en\/aprende-zentangle-en-julio\/#primaryimage"},"thumbnailUrl":"https:\/\/elultimotangle.es\/wp-content\/uploads\/2016\/06\/zendalas-color-300x300.jpg","articleSection":["General"],"inLanguage":"en-US","potentialAction":[{"@type":"CommentAction","name":"Comment","target":["https:\/\/elultimotangle.es\/en\/aprende-zentangle-en-julio\/#respond"]}]},{"@type":"WebPage","@id":"https:\/\/elultimotangle.es\/en\/aprende-zentangle-en-julio\/","url":"https:\/\/elultimotangle.es\/en\/aprende-zentangle-en-julio\/","name":"Aprende Zentangle en julio - El \u00faltimo tangle","isPartOf":{"@id":"http:\/\/elultimotangle.es\/en\/#website"},"primaryImageOfPage":{"@id":"https:\/\/elultimotangle.es\/en\/aprende-zentangle-en-julio\/#primaryimage"},"image":{"@id":"https:\/\/elultimotangle.es\/en\/aprende-zentangle-en-julio\/#primaryimage"},"thumbnailUrl":"https:\/\/elultimotangle.es\/wp-content\/uploads\/2016\/06\/zendalas-color-300x300.jpg","datePublished":"2016-06-15T11:16:25+00:00","dateModified":"2018-06-11T20:45:31+00:00","description":"Este verano recomendamos practicar yoga mental para vuestro beneficio general, mente y cuerpo, as\u00ed que, te animo: aprende Zentangle en julio. Te esperamos!!","breadcrumb":{"@id":"https:\/\/elultimotangle.es\/en\/aprende-zentangle-en-julio\/#breadcrumb"},"inLanguage":"en-US","potentialAction":[{"@type":"ReadAction","target":["https:\/\/elultimotangle.es\/en\/aprende-zentangle-en-julio\/"]}]},{"@type":"ImageObject","inLanguage":"en-US","@id":"https:\/\/elultimotangle.es\/en\/aprende-zentangle-en-julio\/#primaryimage","url":"https:\/\/elultimotangle.es\/wp-content\/uploads\/2016\/06\/zendalas-color-300x300.jpg","contentUrl":"https:\/\/elultimotangle.es\/wp-content\/uploads\/2016\/06\/zendalas-color-300x300.jpg"},{"@type":"BreadcrumbList","@id":"https:\/\/elultimotangle.es\/en\/aprende-zentangle-en-julio\/#breadcrumb","itemListElement":[{"@type":"ListItem","position":1,"name":"Portada","item":"https:\/\/elultimotangle.es\/"},{"@type":"ListItem","position":2,"name":"Aprende Zentangle en julio"}]},{"@type":"WebSite","@id":"http:\/\/elultimotangle.es\/en\/#website","url":"http:\/\/elultimotangle.es\/en\/","name":"El \u00faltimo tangle","description":"Zentangle en espa\u00f1ol","publisher":{"@id":"http:\/\/elultimotangle.es\/en\/#organization"},"potentialAction":[{"@type":"SearchAction","target":{"@type":"EntryPoint","urlTemplate":"http:\/\/elultimotangle.es\/en\/?s={search_term_string}"},"query-input":{"@type":"PropertyValueSpecification","valueRequired":true,"valueName":"search_term_string"}}],"inLanguage":"en-US"},{"@type":"Organization","@id":"http:\/\/elultimotangle.es\/en\/#organization","name":"El \u00faltimo tangle","url":"http:\/\/elultimotangle.es\/en\/","logo":{"@type":"ImageObject","inLanguage":"en-US","@id":"http:\/\/elultimotangle.es\/en\/#\/schema\/logo\/image\/","url":"https:\/\/elultimotangle.es\/wp-content\/uploads\/2019\/09\/cropped-LOGO-ZETA-ROJO-CUADRADO-alt.jpg","contentUrl":"https:\/\/elultimotangle.es\/wp-content\/uploads\/2019\/09\/cropped-LOGO-ZETA-ROJO-CUADRADO-alt.jpg","width":576,"height":576,"caption":"El \u00faltimo tangle"},"image":{"@id":"http:\/\/elultimotangle.es\/en\/#\/schema\/logo\/image\/"}},{"@type":"Person","@id":"http:\/\/elultimotangle.es\/en\/#\/schema\/person\/05ab64cdfa70f84b8c359dc224f8aac5","name":"Mar\u00eda P\u00e9rez-Tovar","image":{"@type":"ImageObject","inLanguage":"en-US","@id":"http:\/\/elultimotangle.es\/en\/#\/schema\/person\/image\/","url":"https:\/\/secure.gravatar.com\/avatar\/31fa6f800b77a1b9122d3dd42417ff3b93669431ae9752da648019f93be291ca?s=96&d=monsterid&r=g","contentUrl":"https:\/\/secure.gravatar.com\/avatar\/31fa6f800b77a1b9122d3dd42417ff3b93669431ae9752da648019f93be291ca?s=96&d=monsterid&r=g","caption":"Mar\u00eda P\u00e9rez-Tovar"},"url":"https:\/\/elultimotangle.es\/en\/author\/maria\/"}]}},"_links":{"self":[{"href":"https:\/\/elultimotangle.es\/en\/wp-json\/wp\/v2\/posts\/5560","targetHints":{"allow":["GET"]}}],"collection":[{"href":"https:\/\/elultimotangle.es\/en\/wp-json\/wp\/v2\/posts"}],"about":[{"href":"https:\/\/elultimotangle.es\/en\/wp-json\/wp\/v2\/types\/post"}],"author":[{"embeddable":true,"href":"https:\/\/elultimotangle.es\/en\/wp-json\/wp\/v2\/users\/2"}],"replies":[{"embeddable":true,"href":"https:\/\/elultimotangle.es\/en\/wp-json\/wp\/v2\/comments?post=5560"}],"version-history":[{"count":7,"href":"https:\/\/elultimotangle.es\/en\/wp-json\/wp\/v2\/posts\/5560\/revisions"}],"predecessor-version":[{"id":5626,"href":"https:\/\/elultimotangle.es\/en\/wp-json\/wp\/v2\/posts\/5560\/revisions\/5626"}],"wp:attachment":[{"href":"https:\/\/elultimotangle.es\/en\/wp-json\/wp\/v2\/media?parent=5560"}],"wp:term":[{"taxonomy":"category","embeddable":true,"href":"https:\/\/elultimotangle.es\/en\/wp-json\/wp\/v2\/categories?post=5560"},{"taxonomy":"post_tag","embeddable":true,"href":"https:\/\/elultimotangle.es\/en\/wp-json\/wp\/v2\/tags?post=5560"}],"curies":[{"name":"wp","href":"https:\/\/api.w.org\/{rel}","templated":true}]}}