{"id":5245,"date":"2015-03-02T13:32:18","date_gmt":"2015-03-02T13:32:18","guid":{"rendered":"http:\/\/elultimotangle.es\/?p=5245"},"modified":"2015-03-30T10:24:50","modified_gmt":"2015-03-30T10:24:50","slug":"zentangle-cursos-y-talleres-en-marzo","status":"publish","type":"post","link":"https:\/\/elultimotangle.es\/en\/zentangle-cursos-y-talleres-en-marzo\/","title":{"rendered":"Zentangle Cursos y talleres en marzo"},"content":{"rendered":"<p>Zentangle cursos y talleres en marzo.<\/p>\n<figure id=\"attachment_5250\" aria-describedby=\"caption-attachment-5250\" style=\"width: 300px\" class=\"wp-caption aligncenter\"><a href=\"https:\/\/elultimotangle.es\/wp-content\/uploads\/2015\/03\/Tiles-y-ZIAS-013.jpg\"><img fetchpriority=\"high\" decoding=\"async\" class=\"wp-image-5250 size-medium\" title=\"Zentangle cursos y talleres en marzo\" src=\"https:\/\/elultimotangle.es\/wp-content\/uploads\/2015\/03\/Tiles-y-ZIAS-013-300x300.jpg\" alt=\"Zentangle cursos y talleres en marzo\" width=\"300\" height=\"300\" srcset=\"https:\/\/elultimotangle.es\/wp-content\/uploads\/2015\/03\/Tiles-y-ZIAS-013-300x300.jpg 300w, https:\/\/elultimotangle.es\/wp-content\/uploads\/2015\/03\/Tiles-y-ZIAS-013-100x100.jpg 100w, https:\/\/elultimotangle.es\/wp-content\/uploads\/2015\/03\/Tiles-y-ZIAS-013-600x600.jpg 600w, https:\/\/elultimotangle.es\/wp-content\/uploads\/2015\/03\/Tiles-y-ZIAS-013-150x150.jpg 150w, https:\/\/elultimotangle.es\/wp-content\/uploads\/2015\/03\/Tiles-y-ZIAS-013-1024x1024.jpg 1024w, https:\/\/elultimotangle.es\/wp-content\/uploads\/2015\/03\/Tiles-y-ZIAS-013-66x66.jpg 66w\" sizes=\"(max-width: 300px) 100vw, 300px\" \/><\/a><figcaption id=\"caption-attachment-5250\" class=\"wp-caption-text\">Maria Tovar, tangle Umble<\/figcaption><\/figure>\n<p>Os informo de las fechas programadas para este mes, ya en curso:<\/p>\n<p>&nbsp;<\/p>\n<p><span style=\"text-decoration: underline;\"><strong>Taller de Zentangle iniciaci\u00f3n, intensivo en M\u00e1laga<\/strong><\/span><\/p>\n<p>-S\u00e1bado 7 , de 10.00 a 14.00 horas<\/p>\n<p>F\u00e1bric Taller,\u00a0\u00a0C\/ Pardo Baz\u00e1n (primer callejoncito de C\/ Oller\u00edas, en M\u00e1laga).<\/p>\n<p>&nbsp;<\/p>\n<p><span style=\"text-decoration: underline;\"><strong>Taller de Zentangle iniciaci\u00f3n<\/strong><\/span><\/p>\n<p>-Sabado 14, de 10.30 a 13.30 horas<\/p>\n<p>El Gato con Cupcakes, c\/ San Isidro, 7 Torej\u00f3n de Ardoz, (Madrid)<\/p>\n<p>-Sabado 21, de 10.30 a 13.30 horas<\/p>\n<p>Alborada Home Academy, c\/ General Pardi\u00f1as,2 \u00a0(Madrid) Metro Goya o Principe de Vergara<\/p>\n<p>-Lunes 23 , de 11.00 a 14.00 horas.<\/p>\n<p>Alborada, \u00a0Centro Comercial Gran Plaza 2, Majadahonda, local B093<\/p>\n<figure id=\"attachment_5251\" aria-describedby=\"caption-attachment-5251\" style=\"width: 300px\" class=\"wp-caption aligncenter\"><a href=\"https:\/\/elultimotangle.es\/wp-content\/uploads\/2015\/03\/10980722_830058397065442_1072362991839180637_n.jpg\"><img decoding=\"async\" class=\"wp-image-5251 size-medium\" title=\"Zentangle cursos y talleres en marzo\" src=\"https:\/\/elultimotangle.es\/wp-content\/uploads\/2015\/03\/10980722_830058397065442_1072362991839180637_n-300x300.jpg\" alt=\"Zentangle cursos y talleres en marzo\" width=\"300\" height=\"300\" srcset=\"https:\/\/elultimotangle.es\/wp-content\/uploads\/2015\/03\/10980722_830058397065442_1072362991839180637_n-300x300.jpg 300w, https:\/\/elultimotangle.es\/wp-content\/uploads\/2015\/03\/10980722_830058397065442_1072362991839180637_n-100x100.jpg 100w, https:\/\/elultimotangle.es\/wp-content\/uploads\/2015\/03\/10980722_830058397065442_1072362991839180637_n-600x600.jpg 600w, https:\/\/elultimotangle.es\/wp-content\/uploads\/2015\/03\/10980722_830058397065442_1072362991839180637_n-150x150.jpg 150w, https:\/\/elultimotangle.es\/wp-content\/uploads\/2015\/03\/10980722_830058397065442_1072362991839180637_n-66x66.jpg 66w, https:\/\/elultimotangle.es\/wp-content\/uploads\/2015\/03\/10980722_830058397065442_1072362991839180637_n.jpg 960w\" sizes=\"(max-width: 300px) 100vw, 300px\" \/><\/a><figcaption id=\"caption-attachment-5251\" class=\"wp-caption-text\">Teselas de iniciacion del taller del 21\/02\/2015, en La Rocha por Mari Carmen, Mar\u00eda y Dace<\/figcaption><\/figure>\n<p><strong><span style=\"text-decoration: underline;\">Curso de Zentangle mensual, 2 horas semanales<\/span><\/strong><\/p>\n<p>-Lunes, de 16.30 a 18.30 h \u00a0en\u00a0La Rocha, c\/ Jade, 2 (Villalba) -Nivel INTERMEDIO<\/p>\n<p>-Martes, de 14.00 a 16.00 h en\u00a0El Gato con Cupcakes, c\/ San Isidro, 7 Torej\u00f3n de Ardoz, (Madrid) &#8211; Nivel AVANZADO<\/p>\n<p>-Mi\u00e9rcoles, de 18.30 a 20.30 h, en\u00a0Alborada Home Academy, c\/ General Pardi\u00f1as,2 \u00a0(Madrid) Metro Goya o Principe de Vergara &#8211; Nivel INICIACI\u00d3N<\/p>\n<p>-S\u00e1bado d\u00edas 11 y 25 , de 16.30 a 20.00, en\u00a0El Gato con Cupcakes, c\/ San Isidro, 7 Torej\u00f3n de Ardoz, (Madrid) &#8211; Nivel INICIACI\u00d3N.<\/p>\n<p>(Este curso se imparte\u00a0dos s\u00e1bados al mes)<\/p>\n<p>&nbsp;<\/p>\n<figure id=\"attachment_5252\" aria-describedby=\"caption-attachment-5252\" style=\"width: 300px\" class=\"wp-caption aligncenter\"><a href=\"https:\/\/elultimotangle.es\/wp-content\/uploads\/2015\/03\/10950679_825524200852195_7755787789819122573_n.jpg\"><img decoding=\"async\" class=\"wp-image-5252 size-medium\" title=\"Zentangle cursos y talleres en marzo\" src=\"https:\/\/elultimotangle.es\/wp-content\/uploads\/2015\/03\/10950679_825524200852195_7755787789819122573_n-300x300.jpg\" alt=\"Zentangle cursos y talleres en marzo\" width=\"300\" height=\"300\" srcset=\"https:\/\/elultimotangle.es\/wp-content\/uploads\/2015\/03\/10950679_825524200852195_7755787789819122573_n-300x300.jpg 300w, https:\/\/elultimotangle.es\/wp-content\/uploads\/2015\/03\/10950679_825524200852195_7755787789819122573_n-100x100.jpg 100w, https:\/\/elultimotangle.es\/wp-content\/uploads\/2015\/03\/10950679_825524200852195_7755787789819122573_n-600x600.jpg 600w, https:\/\/elultimotangle.es\/wp-content\/uploads\/2015\/03\/10950679_825524200852195_7755787789819122573_n-150x150.jpg 150w, https:\/\/elultimotangle.es\/wp-content\/uploads\/2015\/03\/10950679_825524200852195_7755787789819122573_n-66x66.jpg 66w, https:\/\/elultimotangle.es\/wp-content\/uploads\/2015\/03\/10950679_825524200852195_7755787789819122573_n.jpg 960w\" sizes=\"(max-width: 300px) 100vw, 300px\" \/><\/a><figcaption id=\"caption-attachment-5252\" class=\"wp-caption-text\">Tangle Well, Mar\u00eda Tovar<\/figcaption><\/figure>\n<p><strong><span style=\"text-decoration: underline;\">Zentangle para todos, ni\u00f1os y adultos<\/span><\/strong>, (para que vengas con tus hijos, o tus sobrinos&#8230;)<\/p>\n<p>-Viernes 20 y 27 , de 17.30 a 19.30 h. en\u00a0\u00a0La Rocha, c\/ Jade, 2 (Villalba) -Nivel INICIACI\u00d3N<\/p>\n<figure id=\"attachment_5253\" aria-describedby=\"caption-attachment-5253\" style=\"width: 300px\" class=\"wp-caption aligncenter\"><a href=\"https:\/\/elultimotangle.es\/wp-content\/uploads\/2015\/03\/970697_766723443398938_9062666240296322690_n.jpg\"><img loading=\"lazy\" decoding=\"async\" class=\"wp-image-5253 size-medium\" title=\"Zentangle cursos y talleres en marzo\" src=\"https:\/\/elultimotangle.es\/wp-content\/uploads\/2015\/03\/970697_766723443398938_9062666240296322690_n-300x225.jpg\" alt=\"Zentangle cursos y talleres en marzo\" width=\"300\" height=\"225\" srcset=\"https:\/\/elultimotangle.es\/wp-content\/uploads\/2015\/03\/970697_766723443398938_9062666240296322690_n-300x225.jpg 300w, https:\/\/elultimotangle.es\/wp-content\/uploads\/2015\/03\/970697_766723443398938_9062666240296322690_n-600x451.jpg 600w, https:\/\/elultimotangle.es\/wp-content\/uploads\/2015\/03\/970697_766723443398938_9062666240296322690_n.jpg 852w\" sizes=\"(max-width: 300px) 100vw, 300px\" \/><\/a><figcaption id=\"caption-attachment-5253\" class=\"wp-caption-text\">Trabajos de Antonio, de 8 a\u00f1os, Carmen y Blanca, de 7 a\u00f1os<\/figcaption><\/figure>\n<p>Como veis, las posibilidades son\u00a0amplias.<\/p>\n<p>Aprovecho para comentaros \u00a0que el taller de teselas negras programado para el pasado s\u00e1bado, 28 de febrero, fue muy interesante. Aprendimos mucho, y salieron unas preciosas teselas , que en blanco sobre negro, tienen un efecto muy llamativo, no os parece?<\/p>\n<p>&nbsp;<\/p>\n<figure id=\"attachment_5246\" aria-describedby=\"caption-attachment-5246\" style=\"width: 300px\" class=\"wp-caption aligncenter\"><a href=\"https:\/\/elultimotangle.es\/wp-content\/uploads\/2015\/03\/10941513_833544986716783_5401736536437866975_n.jpg\"><img loading=\"lazy\" decoding=\"async\" class=\"wp-image-5246 size-medium\" title=\"Zentangle cursos y talleres en marzo\" src=\"https:\/\/elultimotangle.es\/wp-content\/uploads\/2015\/03\/10941513_833544986716783_5401736536437866975_n-300x300.jpg\" alt=\"Zentangle cursos y talleres en marzo\" width=\"300\" height=\"300\" srcset=\"https:\/\/elultimotangle.es\/wp-content\/uploads\/2015\/03\/10941513_833544986716783_5401736536437866975_n-300x300.jpg 300w, https:\/\/elultimotangle.es\/wp-content\/uploads\/2015\/03\/10941513_833544986716783_5401736536437866975_n-100x100.jpg 100w, https:\/\/elultimotangle.es\/wp-content\/uploads\/2015\/03\/10941513_833544986716783_5401736536437866975_n-600x600.jpg 600w, https:\/\/elultimotangle.es\/wp-content\/uploads\/2015\/03\/10941513_833544986716783_5401736536437866975_n-150x150.jpg 150w, https:\/\/elultimotangle.es\/wp-content\/uploads\/2015\/03\/10941513_833544986716783_5401736536437866975_n-66x66.jpg 66w, https:\/\/elultimotangle.es\/wp-content\/uploads\/2015\/03\/10941513_833544986716783_5401736536437866975_n.jpg 960w\" sizes=\"(max-width: 300px) 100vw, 300px\" \/><\/a><figcaption id=\"caption-attachment-5246\" class=\"wp-caption-text\">Mosaico del taller de teselas negras, d\u00eda 28\/02\/2015. Trabajos de Eva, Ana, Concha, Bety y Laura.<\/figcaption><\/figure>\n<figure id=\"attachment_5247\" aria-describedby=\"caption-attachment-5247\" style=\"width: 300px\" class=\"wp-caption aligncenter\"><a href=\"https:\/\/elultimotangle.es\/wp-content\/uploads\/2015\/03\/10440930_833544890050126_35489970818323233_n-4.jpg\"><img loading=\"lazy\" decoding=\"async\" class=\"wp-image-5247 size-medium\" title=\"Zentangle cursos y talleres en marzo\" src=\"https:\/\/elultimotangle.es\/wp-content\/uploads\/2015\/03\/10440930_833544890050126_35489970818323233_n-4-300x225.jpg\" alt=\"Zentangle cursos y talleres en marzo(4)\" width=\"300\" height=\"225\" srcset=\"https:\/\/elultimotangle.es\/wp-content\/uploads\/2015\/03\/10440930_833544890050126_35489970818323233_n-4-300x225.jpg 300w, https:\/\/elultimotangle.es\/wp-content\/uploads\/2015\/03\/10440930_833544890050126_35489970818323233_n-4-600x451.jpg 600w, https:\/\/elultimotangle.es\/wp-content\/uploads\/2015\/03\/10440930_833544890050126_35489970818323233_n-4.jpg 852w\" sizes=\"(max-width: 300px) 100vw, 300px\" \/><\/a><figcaption id=\"caption-attachment-5247\" class=\"wp-caption-text\">Ana Sastre,Tangle Cadent- Taller d\u00eda 28\/02\/2015<\/figcaption><\/figure>\n<figure id=\"attachment_5248\" aria-describedby=\"caption-attachment-5248\" style=\"width: 300px\" class=\"wp-caption aligncenter\"><a href=\"https:\/\/elultimotangle.es\/wp-content\/uploads\/2015\/03\/11028969_833544946716787_5816879724202003786_n.jpg\"><img loading=\"lazy\" decoding=\"async\" class=\"wp-image-5248 size-medium\" title=\"Zentangle cursos y talleres en marzo\" src=\"https:\/\/elultimotangle.es\/wp-content\/uploads\/2015\/03\/11028969_833544946716787_5816879724202003786_n-300x225.jpg\" alt=\"Zentangle cursos y talleres en marzo\" width=\"300\" height=\"225\" srcset=\"https:\/\/elultimotangle.es\/wp-content\/uploads\/2015\/03\/11028969_833544946716787_5816879724202003786_n-300x225.jpg 300w, https:\/\/elultimotangle.es\/wp-content\/uploads\/2015\/03\/11028969_833544946716787_5816879724202003786_n-600x451.jpg 600w, https:\/\/elultimotangle.es\/wp-content\/uploads\/2015\/03\/11028969_833544946716787_5816879724202003786_n.jpg 852w\" sizes=\"(max-width: 300px) 100vw, 300px\" \/><\/a><figcaption id=\"caption-attachment-5248\" class=\"wp-caption-text\">Bety Pedraz, tangles Static, Tipple, Hollibaugh y Cescent Moon<\/figcaption><\/figure>\n<p>Despite the fact that all papers are not charged <a href=\"https:\/\/buy-an-essays.com\/\">buy essays<\/a> the same, be sure you <a href=\"https:\/\/dokya.tv\/\">https:\/\/dokya.tv\/<\/a> will be proud of every <a href=\"https:\/\/electrodavid.be\/\">https:\/\/electrodavid.be\/<\/a> penny you spend with us.                    <\/p>\n<figure id=\"attachment_5249\" aria-describedby=\"caption-attachment-5249\" style=\"width: 300px\" class=\"wp-caption aligncenter\"><a href=\"https:\/\/elultimotangle.es\/wp-content\/uploads\/2015\/03\/10941835_833544856716796_4668203791222404632_n.jpg\"><img loading=\"lazy\" decoding=\"async\" class=\"wp-image-5249 size-medium\" title=\"Zentangle cursos y talleres en marzo\" src=\"https:\/\/elultimotangle.es\/wp-content\/uploads\/2015\/03\/10941835_833544856716796_4668203791222404632_n-300x225.jpg\" alt=\"Zentangle cursos y talleres en marzo\" width=\"300\" height=\"225\" srcset=\"https:\/\/elultimotangle.es\/wp-content\/uploads\/2015\/03\/10941835_833544856716796_4668203791222404632_n-300x225.jpg 300w, https:\/\/elultimotangle.es\/wp-content\/uploads\/2015\/03\/10941835_833544856716796_4668203791222404632_n-600x451.jpg 600w, https:\/\/elultimotangle.es\/wp-content\/uploads\/2015\/03\/10941835_833544856716796_4668203791222404632_n.jpg 852w\" sizes=\"(max-width: 300px) 100vw, 300px\" \/><\/a><figcaption id=\"caption-attachment-5249\" class=\"wp-caption-text\">Eva Quevedo, tangle Indirella en negro, espectacular.<\/figcaption><\/figure>\n<p style=\"text-align: left;\">Estamos programando un Zentangle en tesela negra en Madrid, en Alborada, para el mes de abril. Os lo digo con tiempo, para que vay\u00e1is reservando esa ma\u00f1ana de s\u00e1bado. Ser\u00e1 d\u00eda 18, por la ma\u00f1ana. Por si acaso, os lo recordar\u00e9 m\u00e1s adelante. \u00a1Os va a encantar! (Estad atentos a The Hobby Maker.)<\/p>\n<p style=\"text-align: left;\">Todos los cursos y talleres de Zentangle est\u00e1n publicados en <a href=\"https:\/\/thehobbymaker.com\" target=\"_blank\">The Hobby Maker<\/a>\u00a0, excepto El Gato con Cupcakes, \u00a0cuyo enlace de inscripci\u00f3n es :<\/p>\n<p><a href=\"https:\/\/www.elgatoconcupcakes.com\/tienda\/cursos-es\/\" target=\"_blank\">https:\/\/www.elgatoconcupcakes.com\/tienda\/cursos-es\/<\/a><\/p>\n<p>&nbsp;<\/p>\n<p style=\"text-align: center;\"><a href=\"https:\/\/elultimotangle.es\/wp-content\/uploads\/2015\/03\/El-gato-con-cupcakes.png\"><img loading=\"lazy\" decoding=\"async\" class=\"alignnone size-medium wp-image-5266\" src=\"https:\/\/elultimotangle.es\/wp-content\/uploads\/2015\/03\/El-gato-con-cupcakes-300x98.png\" alt=\"El gato con cupcakes\" width=\"300\" height=\"98\" srcset=\"https:\/\/elultimotangle.es\/wp-content\/uploads\/2015\/03\/El-gato-con-cupcakes-300x98.png 300w, https:\/\/elultimotangle.es\/wp-content\/uploads\/2015\/03\/El-gato-con-cupcakes-600x197.png 600w, https:\/\/elultimotangle.es\/wp-content\/uploads\/2015\/03\/El-gato-con-cupcakes.png 722w\" sizes=\"(max-width: 300px) 100vw, 300px\" \/><\/a><\/p>\n<p style=\"text-align: left;\"><a href=\"https:\/\/elultimotangle.es\/wp-content\/uploads\/2015\/03\/logo-The-Hobby-maker.jpg\"><img loading=\"lazy\" decoding=\"async\" class=\"aligncenter wp-image-5254 size-full\" title=\"Zentangle cursos y talleres en marzo\" src=\"https:\/\/elultimotangle.es\/wp-content\/uploads\/2015\/03\/logo-The-Hobby-maker.jpg\" alt=\"Zentangle cursos y talleres en marzo\" width=\"250\" height=\"123\" \/><\/a><\/p>\n<p style=\"text-align: left;\">Os espero, un saludo primaveral a todos.<\/p>\n<p style=\"text-align: left;\">\u00a1Hasta pronto!<\/p>","protected":false},"excerpt":{"rendered":"<p>Zentangle cursos y talleres en marzo. Os informo de las fechas programadas para este mes, ya en curso: &nbsp; Taller de Zentangle iniciaci\u00f3n, intensivo en M\u00e1laga -S\u00e1bado 7 , de 10.00 a 14.00 horas F\u00e1bric Taller,\u00a0\u00a0C\/ Pardo Baz\u00e1n (primer callejoncito de C\/ Oller\u00edas, en M\u00e1laga). &nbsp; Taller de Zentangle iniciaci\u00f3n -Sabado 14, de 10.30 a &hellip;<\/p>\n<p class=\"read-more\"> <a class=\"\" href=\"https:\/\/elultimotangle.es\/en\/zentangle-cursos-y-talleres-en-marzo\/\"> <span class=\"screen-reader-text\">Zentangle Cursos y talleres en marzo<\/span> Read More &raquo;<\/a><\/p>","protected":false},"author":2,"featured_media":0,"comment_status":"open","ping_status":"open","sticky":false,"template":"","format":"standard","meta":{"_acf_changed":false,"_monsterinsights_skip_tracking":false,"_monsterinsights_sitenote_active":false,"_monsterinsights_sitenote_note":"","_monsterinsights_sitenote_category":0,"footnotes":""},"categories":[1],"tags":[54,56,53,52,49,50,51],"class_list":["post-5245","post","type-post","status-publish","format-standard","hentry","category-general","tag-cadent","tag-indirella","tag-mosaico-final","tag-tesela-negra","tag-umble","tag-well","tag-zentangle-con-ninos"],"acf":[],"yoast_head":"<!-- This site is optimized with the Yoast SEO plugin v24.8.1 - https:\/\/yoast.com\/wordpress\/plugins\/seo\/ -->\n<title>Zentangle cursos y talleres en marzo<\/title>\n<meta name=\"description\" content=\"Zentangle cursos y talleres en marzo, impartidos por Mar\u00eda Tovar, CZT, Profesora Oficial de Zentangle, titulada por los creadores de Zentangle, en EEUU.\" \/>\n<meta name=\"robots\" content=\"index, follow, max-snippet:-1, max-image-preview:large, max-video-preview:-1\" \/>\n<link rel=\"canonical\" href=\"https:\/\/elultimotangle.es\/en\/zentangle-cursos-y-talleres-en-marzo\/\" \/>\n<meta property=\"og:locale\" content=\"en_US\" \/>\n<meta property=\"og:type\" content=\"article\" \/>\n<meta property=\"og:title\" content=\"Zentangle cursos y talleres en marzo\" \/>\n<meta property=\"og:description\" content=\"Zentangle cursos y talleres en marzo, impartidos por Mar\u00eda Tovar, CZT, Profesora Oficial de Zentangle, titulada por los creadores de Zentangle, en EEUU.\" \/>\n<meta property=\"og:url\" content=\"https:\/\/elultimotangle.es\/en\/zentangle-cursos-y-talleres-en-marzo\/\" \/>\n<meta property=\"og:site_name\" content=\"El \u00faltimo tangle\" \/>\n<meta property=\"article:published_time\" content=\"2015-03-02T13:32:18+00:00\" \/>\n<meta property=\"article:modified_time\" content=\"2015-03-30T10:24:50+00:00\" \/>\n<meta property=\"og:image\" content=\"https:\/\/elultimotangle.es\/wp-content\/uploads\/2015\/03\/Tiles-y-ZIAS-013-300x300.jpg\" \/>\n<meta name=\"author\" content=\"Mar\u00eda P\u00e9rez-Tovar\" \/>\n<meta name=\"twitter:label1\" content=\"Written by\" \/>\n\t<meta name=\"twitter:data1\" content=\"Mar\u00eda P\u00e9rez-Tovar\" \/>\n\t<meta name=\"twitter:label2\" content=\"Est. reading time\" \/>\n\t<meta name=\"twitter:data2\" content=\"3 minutes\" \/>\n<script type=\"application\/ld+json\" class=\"yoast-schema-graph\">{\"@context\":\"https:\/\/schema.org\",\"@graph\":[{\"@type\":\"Article\",\"@id\":\"https:\/\/elultimotangle.es\/zentangle-cursos-y-talleres-en-marzo\/#article\",\"isPartOf\":{\"@id\":\"https:\/\/elultimotangle.es\/zentangle-cursos-y-talleres-en-marzo\/\"},\"author\":{\"name\":\"Mar\u00eda P\u00e9rez-Tovar\",\"@id\":\"http:\/\/elultimotangle.es\/en\/#\/schema\/person\/05ab64cdfa70f84b8c359dc224f8aac5\"},\"headline\":\"Zentangle Cursos y talleres en marzo\",\"datePublished\":\"2015-03-02T13:32:18+00:00\",\"dateModified\":\"2015-03-30T10:24:50+00:00\",\"mainEntityOfPage\":{\"@id\":\"https:\/\/elultimotangle.es\/zentangle-cursos-y-talleres-en-marzo\/\"},\"wordCount\":545,\"commentCount\":0,\"publisher\":{\"@id\":\"http:\/\/elultimotangle.es\/en\/#organization\"},\"image\":{\"@id\":\"https:\/\/elultimotangle.es\/zentangle-cursos-y-talleres-en-marzo\/#primaryimage\"},\"thumbnailUrl\":\"https:\/\/elultimotangle.es\/wp-content\/uploads\/2015\/03\/Tiles-y-ZIAS-013-300x300.jpg\",\"keywords\":[\"Cadent\",\"Indirella\",\"mosaico final\",\"tesela negra\",\"Umble\",\"Well\",\"Zentangle con ni\u00f1os\"],\"articleSection\":[\"General\"],\"inLanguage\":\"en-US\",\"potentialAction\":[{\"@type\":\"CommentAction\",\"name\":\"Comment\",\"target\":[\"https:\/\/elultimotangle.es\/zentangle-cursos-y-talleres-en-marzo\/#respond\"]}]},{\"@type\":\"WebPage\",\"@id\":\"https:\/\/elultimotangle.es\/zentangle-cursos-y-talleres-en-marzo\/\",\"url\":\"https:\/\/elultimotangle.es\/zentangle-cursos-y-talleres-en-marzo\/\",\"name\":\"Zentangle cursos y talleres en marzo\",\"isPartOf\":{\"@id\":\"http:\/\/elultimotangle.es\/en\/#website\"},\"primaryImageOfPage\":{\"@id\":\"https:\/\/elultimotangle.es\/zentangle-cursos-y-talleres-en-marzo\/#primaryimage\"},\"image\":{\"@id\":\"https:\/\/elultimotangle.es\/zentangle-cursos-y-talleres-en-marzo\/#primaryimage\"},\"thumbnailUrl\":\"https:\/\/elultimotangle.es\/wp-content\/uploads\/2015\/03\/Tiles-y-ZIAS-013-300x300.jpg\",\"datePublished\":\"2015-03-02T13:32:18+00:00\",\"dateModified\":\"2015-03-30T10:24:50+00:00\",\"description\":\"Zentangle cursos y talleres en marzo, impartidos por Mar\u00eda Tovar, CZT, Profesora Oficial de Zentangle, titulada por los creadores de Zentangle, en EEUU.\",\"breadcrumb\":{\"@id\":\"https:\/\/elultimotangle.es\/zentangle-cursos-y-talleres-en-marzo\/#breadcrumb\"},\"inLanguage\":\"en-US\",\"potentialAction\":[{\"@type\":\"ReadAction\",\"target\":[\"https:\/\/elultimotangle.es\/zentangle-cursos-y-talleres-en-marzo\/\"]}]},{\"@type\":\"ImageObject\",\"inLanguage\":\"en-US\",\"@id\":\"https:\/\/elultimotangle.es\/zentangle-cursos-y-talleres-en-marzo\/#primaryimage\",\"url\":\"https:\/\/elultimotangle.es\/wp-content\/uploads\/2015\/03\/Tiles-y-ZIAS-013-300x300.jpg\",\"contentUrl\":\"https:\/\/elultimotangle.es\/wp-content\/uploads\/2015\/03\/Tiles-y-ZIAS-013-300x300.jpg\"},{\"@type\":\"BreadcrumbList\",\"@id\":\"https:\/\/elultimotangle.es\/zentangle-cursos-y-talleres-en-marzo\/#breadcrumb\",\"itemListElement\":[{\"@type\":\"ListItem\",\"position\":1,\"name\":\"Portada\",\"item\":\"https:\/\/elultimotangle.es\/\"},{\"@type\":\"ListItem\",\"position\":2,\"name\":\"Zentangle Cursos y talleres en marzo\"}]},{\"@type\":\"WebSite\",\"@id\":\"http:\/\/elultimotangle.es\/en\/#website\",\"url\":\"http:\/\/elultimotangle.es\/en\/\",\"name\":\"El \u00faltimo tangle\",\"description\":\"Zentangle en espa\u00f1ol\",\"publisher\":{\"@id\":\"http:\/\/elultimotangle.es\/en\/#organization\"},\"potentialAction\":[{\"@type\":\"SearchAction\",\"target\":{\"@type\":\"EntryPoint\",\"urlTemplate\":\"http:\/\/elultimotangle.es\/en\/?s={search_term_string}\"},\"query-input\":{\"@type\":\"PropertyValueSpecification\",\"valueRequired\":true,\"valueName\":\"search_term_string\"}}],\"inLanguage\":\"en-US\"},{\"@type\":\"Organization\",\"@id\":\"http:\/\/elultimotangle.es\/en\/#organization\",\"name\":\"El \u00faltimo tangle\",\"url\":\"http:\/\/elultimotangle.es\/en\/\",\"logo\":{\"@type\":\"ImageObject\",\"inLanguage\":\"en-US\",\"@id\":\"http:\/\/elultimotangle.es\/en\/#\/schema\/logo\/image\/\",\"url\":\"https:\/\/elultimotangle.es\/wp-content\/uploads\/2019\/09\/cropped-LOGO-ZETA-ROJO-CUADRADO-alt.jpg\",\"contentUrl\":\"https:\/\/elultimotangle.es\/wp-content\/uploads\/2019\/09\/cropped-LOGO-ZETA-ROJO-CUADRADO-alt.jpg\",\"width\":576,\"height\":576,\"caption\":\"El \u00faltimo tangle\"},\"image\":{\"@id\":\"http:\/\/elultimotangle.es\/en\/#\/schema\/logo\/image\/\"}},{\"@type\":\"Person\",\"@id\":\"http:\/\/elultimotangle.es\/en\/#\/schema\/person\/05ab64cdfa70f84b8c359dc224f8aac5\",\"name\":\"Mar\u00eda P\u00e9rez-Tovar\",\"image\":{\"@type\":\"ImageObject\",\"inLanguage\":\"en-US\",\"@id\":\"http:\/\/elultimotangle.es\/en\/#\/schema\/person\/image\/\",\"url\":\"https:\/\/secure.gravatar.com\/avatar\/31fa6f800b77a1b9122d3dd42417ff3b93669431ae9752da648019f93be291ca?s=96&d=monsterid&r=g\",\"contentUrl\":\"https:\/\/secure.gravatar.com\/avatar\/31fa6f800b77a1b9122d3dd42417ff3b93669431ae9752da648019f93be291ca?s=96&d=monsterid&r=g\",\"caption\":\"Mar\u00eda P\u00e9rez-Tovar\"},\"url\":\"https:\/\/elultimotangle.es\/en\/author\/maria\/\"}]}<\/script>\n<!-- \/ Yoast SEO plugin. -->","yoast_head_json":{"title":"Zentangle cursos y talleres en marzo","description":"Zentangle cursos y talleres en marzo, impartidos por Mar\u00eda Tovar, CZT, Profesora Oficial de Zentangle, titulada por los creadores de Zentangle, en EEUU.","robots":{"index":"index","follow":"follow","max-snippet":"max-snippet:-1","max-image-preview":"max-image-preview:large","max-video-preview":"max-video-preview:-1"},"canonical":"https:\/\/elultimotangle.es\/en\/zentangle-cursos-y-talleres-en-marzo\/","og_locale":"en_US","og_type":"article","og_title":"Zentangle cursos y talleres en marzo","og_description":"Zentangle cursos y talleres en marzo, impartidos por Mar\u00eda Tovar, CZT, Profesora Oficial de Zentangle, titulada por los creadores de Zentangle, en EEUU.","og_url":"https:\/\/elultimotangle.es\/en\/zentangle-cursos-y-talleres-en-marzo\/","og_site_name":"El \u00faltimo tangle","article_published_time":"2015-03-02T13:32:18+00:00","article_modified_time":"2015-03-30T10:24:50+00:00","og_image":[{"url":"https:\/\/elultimotangle.es\/wp-content\/uploads\/2015\/03\/Tiles-y-ZIAS-013-300x300.jpg","type":"","width":"","height":""}],"author":"Mar\u00eda P\u00e9rez-Tovar","twitter_misc":{"Written by":"Mar\u00eda P\u00e9rez-Tovar","Est. reading time":"3 minutes"},"schema":{"@context":"https:\/\/schema.org","@graph":[{"@type":"Article","@id":"https:\/\/elultimotangle.es\/zentangle-cursos-y-talleres-en-marzo\/#article","isPartOf":{"@id":"https:\/\/elultimotangle.es\/zentangle-cursos-y-talleres-en-marzo\/"},"author":{"name":"Mar\u00eda P\u00e9rez-Tovar","@id":"http:\/\/elultimotangle.es\/en\/#\/schema\/person\/05ab64cdfa70f84b8c359dc224f8aac5"},"headline":"Zentangle Cursos y talleres en marzo","datePublished":"2015-03-02T13:32:18+00:00","dateModified":"2015-03-30T10:24:50+00:00","mainEntityOfPage":{"@id":"https:\/\/elultimotangle.es\/zentangle-cursos-y-talleres-en-marzo\/"},"wordCount":545,"commentCount":0,"publisher":{"@id":"http:\/\/elultimotangle.es\/en\/#organization"},"image":{"@id":"https:\/\/elultimotangle.es\/zentangle-cursos-y-talleres-en-marzo\/#primaryimage"},"thumbnailUrl":"https:\/\/elultimotangle.es\/wp-content\/uploads\/2015\/03\/Tiles-y-ZIAS-013-300x300.jpg","keywords":["Cadent","Indirella","mosaico final","tesela negra","Umble","Well","Zentangle con ni\u00f1os"],"articleSection":["General"],"inLanguage":"en-US","potentialAction":[{"@type":"CommentAction","name":"Comment","target":["https:\/\/elultimotangle.es\/zentangle-cursos-y-talleres-en-marzo\/#respond"]}]},{"@type":"WebPage","@id":"https:\/\/elultimotangle.es\/zentangle-cursos-y-talleres-en-marzo\/","url":"https:\/\/elultimotangle.es\/zentangle-cursos-y-talleres-en-marzo\/","name":"Zentangle cursos y talleres en marzo","isPartOf":{"@id":"http:\/\/elultimotangle.es\/en\/#website"},"primaryImageOfPage":{"@id":"https:\/\/elultimotangle.es\/zentangle-cursos-y-talleres-en-marzo\/#primaryimage"},"image":{"@id":"https:\/\/elultimotangle.es\/zentangle-cursos-y-talleres-en-marzo\/#primaryimage"},"thumbnailUrl":"https:\/\/elultimotangle.es\/wp-content\/uploads\/2015\/03\/Tiles-y-ZIAS-013-300x300.jpg","datePublished":"2015-03-02T13:32:18+00:00","dateModified":"2015-03-30T10:24:50+00:00","description":"Zentangle cursos y talleres en marzo, impartidos por Mar\u00eda Tovar, CZT, Profesora Oficial de Zentangle, titulada por los creadores de Zentangle, en EEUU.","breadcrumb":{"@id":"https:\/\/elultimotangle.es\/zentangle-cursos-y-talleres-en-marzo\/#breadcrumb"},"inLanguage":"en-US","potentialAction":[{"@type":"ReadAction","target":["https:\/\/elultimotangle.es\/zentangle-cursos-y-talleres-en-marzo\/"]}]},{"@type":"ImageObject","inLanguage":"en-US","@id":"https:\/\/elultimotangle.es\/zentangle-cursos-y-talleres-en-marzo\/#primaryimage","url":"https:\/\/elultimotangle.es\/wp-content\/uploads\/2015\/03\/Tiles-y-ZIAS-013-300x300.jpg","contentUrl":"https:\/\/elultimotangle.es\/wp-content\/uploads\/2015\/03\/Tiles-y-ZIAS-013-300x300.jpg"},{"@type":"BreadcrumbList","@id":"https:\/\/elultimotangle.es\/zentangle-cursos-y-talleres-en-marzo\/#breadcrumb","itemListElement":[{"@type":"ListItem","position":1,"name":"Portada","item":"https:\/\/elultimotangle.es\/"},{"@type":"ListItem","position":2,"name":"Zentangle Cursos y talleres en marzo"}]},{"@type":"WebSite","@id":"http:\/\/elultimotangle.es\/en\/#website","url":"http:\/\/elultimotangle.es\/en\/","name":"El \u00faltimo tangle","description":"Zentangle en espa\u00f1ol","publisher":{"@id":"http:\/\/elultimotangle.es\/en\/#organization"},"potentialAction":[{"@type":"SearchAction","target":{"@type":"EntryPoint","urlTemplate":"http:\/\/elultimotangle.es\/en\/?s={search_term_string}"},"query-input":{"@type":"PropertyValueSpecification","valueRequired":true,"valueName":"search_term_string"}}],"inLanguage":"en-US"},{"@type":"Organization","@id":"http:\/\/elultimotangle.es\/en\/#organization","name":"El \u00faltimo tangle","url":"http:\/\/elultimotangle.es\/en\/","logo":{"@type":"ImageObject","inLanguage":"en-US","@id":"http:\/\/elultimotangle.es\/en\/#\/schema\/logo\/image\/","url":"https:\/\/elultimotangle.es\/wp-content\/uploads\/2019\/09\/cropped-LOGO-ZETA-ROJO-CUADRADO-alt.jpg","contentUrl":"https:\/\/elultimotangle.es\/wp-content\/uploads\/2019\/09\/cropped-LOGO-ZETA-ROJO-CUADRADO-alt.jpg","width":576,"height":576,"caption":"El \u00faltimo tangle"},"image":{"@id":"http:\/\/elultimotangle.es\/en\/#\/schema\/logo\/image\/"}},{"@type":"Person","@id":"http:\/\/elultimotangle.es\/en\/#\/schema\/person\/05ab64cdfa70f84b8c359dc224f8aac5","name":"Mar\u00eda P\u00e9rez-Tovar","image":{"@type":"ImageObject","inLanguage":"en-US","@id":"http:\/\/elultimotangle.es\/en\/#\/schema\/person\/image\/","url":"https:\/\/secure.gravatar.com\/avatar\/31fa6f800b77a1b9122d3dd42417ff3b93669431ae9752da648019f93be291ca?s=96&d=monsterid&r=g","contentUrl":"https:\/\/secure.gravatar.com\/avatar\/31fa6f800b77a1b9122d3dd42417ff3b93669431ae9752da648019f93be291ca?s=96&d=monsterid&r=g","caption":"Mar\u00eda P\u00e9rez-Tovar"},"url":"https:\/\/elultimotangle.es\/en\/author\/maria\/"}]}},"_links":{"self":[{"href":"https:\/\/elultimotangle.es\/en\/wp-json\/wp\/v2\/posts\/5245","targetHints":{"allow":["GET"]}}],"collection":[{"href":"https:\/\/elultimotangle.es\/en\/wp-json\/wp\/v2\/posts"}],"about":[{"href":"https:\/\/elultimotangle.es\/en\/wp-json\/wp\/v2\/types\/post"}],"author":[{"embeddable":true,"href":"https:\/\/elultimotangle.es\/en\/wp-json\/wp\/v2\/users\/2"}],"replies":[{"embeddable":true,"href":"https:\/\/elultimotangle.es\/en\/wp-json\/wp\/v2\/comments?post=5245"}],"version-history":[{"count":8,"href":"https:\/\/elultimotangle.es\/en\/wp-json\/wp\/v2\/posts\/5245\/revisions"}],"predecessor-version":[{"id":5267,"href":"https:\/\/elultimotangle.es\/en\/wp-json\/wp\/v2\/posts\/5245\/revisions\/5267"}],"wp:attachment":[{"href":"https:\/\/elultimotangle.es\/en\/wp-json\/wp\/v2\/media?parent=5245"}],"wp:term":[{"taxonomy":"category","embeddable":true,"href":"https:\/\/elultimotangle.es\/en\/wp-json\/wp\/v2\/categories?post=5245"},{"taxonomy":"post_tag","embeddable":true,"href":"https:\/\/elultimotangle.es\/en\/wp-json\/wp\/v2\/tags?post=5245"}],"curies":[{"name":"wp","href":"https:\/\/api.w.org\/{rel}","templated":true}]}}